{"id":1183,"date":"2023-01-04T18:18:04","date_gmt":"2023-01-04T18:18:04","guid":{"rendered":"https:\/\/sntsf.pt\/?p=1183"},"modified":"2023-01-04T18:18:05","modified_gmt":"2023-01-04T18:18:05","slug":"trabalhadores-da-ip-em-risco","status":"publish","type":"post","link":"https:\/\/sntsf.pt\/index.php\/2023\/01\/04\/trabalhadores-da-ip-em-risco\/","title":{"rendered":"<strong>Trabalhadores da IP em risco<\/strong>"},"content":{"rendered":"\n<p>\u00c9 a segunda vez que nos \u00faltimos meses \u00e9 detectada a presen\u00e7a de Legionella, ap\u00f3s analises realizadas nas instala\u00e7\u00f5es sociais dos trabalhadores afectos \u00e1 manuten\u00e7\u00e3o, na Torre da Vargens. Pela segunda vez, estes trabalhadores n\u00e3o s\u00e3o informados sobre os resultados, sobre os riscos ou as precau\u00e7\u00f5es a tomar, bem como ningu\u00e9m os esclarece de forma a diminuir as suas naturais preocupa\u00e7\u00f5es.<\/p>\n\n\n\n<p>Questionamos a empresa como \u00e9 poss\u00edvel, que ap\u00f3s a primeira presen\u00e7a desta bact\u00e9ria, n\u00e3o tenha sido feita uma devida desinfec\u00e7\u00e3o das instala\u00e7\u00f5es? Como \u00e9 poss\u00edvel que fa\u00e7am as analises, concluam a presen\u00e7a da bact\u00e9ria e ningu\u00e9m informe e esclare\u00e7a os trabalhadores afectos aquele local de trabalho?<\/p>\n\n\n\n<p>Exigimos assim, o imediato acompanhamento m\u00e9dico aos trabalhadores que deve passar pela responsabilidade da medicina no trabalho. E caso esta, tal como tem demonstrado n\u00e3o tenha a capacidade ou meios para o efeito deve ser encontrada uma outra solu\u00e7\u00e3o, bem como devem ser informadas as autoridades competentes.<\/p>\n\n\n\n<p>Aguardamos a imediata e total desinfec\u00e7\u00e3o das instala\u00e7\u00f5es de forma a garantir as condi\u00e7\u00f5es de sa\u00fade e seguran\u00e7a neste local de trabalho.<\/p>\n\n\n\n<p>Da parte do SNTSF, continuaremos a acompanhar estes trabalhadores, n\u00e3o descartando outras medidas caso a situa\u00e7\u00e3o n\u00e3o seja rapidamente ultrapassada.<\/p>\n","protected":false},"excerpt":{"rendered":"<p>\u00c9 a segunda vez que nos \u00faltimos meses \u00e9 detectada a presen\u00e7a de Legionella, ap\u00f3s analises realizadas nas instala\u00e7\u00f5es sociais dos trabalhadores afectos \u00e1 manuten\u00e7\u00e3o, na Torre da Vargens. Pela segunda vez, estes trabalhadores n\u00e3o s\u00e3o informados sobre os resultados, sobre os riscos ou as precau\u00e7\u00f5es a tomar, bem como ningu\u00e9m os esclarece de forma [&hellip;]<\/p>\n","protected":false},"author":2,"featured_media":1184,"comment_status":"closed","ping_status":"closed","sticky":false,"template":"","format":"standard","meta":{"_jetpack_memberships_contains_paid_content":false,"footnotes":""},"categories":[5],"tags":[],"class_list":["post-1183","post","type-post","status-publish","format-standard","has-post-thumbnail","hentry","category-ip"],"jetpack_featured_media_url":"https:\/\/sntsf.pt\/wp-content\/uploads\/2023\/01\/leggionela_nv.jpg","jetpack_sharing_enabled":true,"_links":{"self":[{"href":"https:\/\/sntsf.pt\/index.php\/wp-json\/wp\/v2\/posts\/1183","targetHints":{"allow":["GET"]}}],"collection":[{"href":"https:\/\/sntsf.pt\/index.php\/wp-json\/wp\/v2\/posts"}],"about":[{"href":"https:\/\/sntsf.pt\/index.php\/wp-json\/wp\/v2\/types\/post"}],"author":[{"embeddable":true,"href":"https:\/\/sntsf.pt\/index.php\/wp-json\/wp\/v2\/users\/2"}],"replies":[{"embeddable":true,"href":"https:\/\/sntsf.pt\/index.php\/wp-json\/wp\/v2\/comments?post=1183"}],"version-history":[{"count":1,"href":"https:\/\/sntsf.pt\/index.php\/wp-json\/wp\/v2\/posts\/1183\/revisions"}],"predecessor-version":[{"id":1185,"href":"https:\/\/sntsf.pt\/index.php\/wp-json\/wp\/v2\/posts\/1183\/revisions\/1185"}],"wp:featuredmedia":[{"embeddable":true,"href":"https:\/\/sntsf.pt\/index.php\/wp-json\/wp\/v2\/media\/1184"}],"wp:attachment":[{"href":"https:\/\/sntsf.pt\/index.php\/wp-json\/wp\/v2\/media?parent=1183"}],"wp:term":[{"taxonomy":"category","embeddable":true,"href":"https:\/\/sntsf.pt\/index.php\/wp-json\/wp\/v2\/categories?post=1183"},{"taxonomy":"post_tag","embeddable":true,"href":"https:\/\/sntsf.pt\/index.php\/wp-json\/wp\/v2\/tags?post=1183"}],"curies":[{"name":"wp","href":"https:\/\/api.w.org\/{rel}","templated":true}]}}