{"id":1650,"date":"2026-03-18T11:46:23","date_gmt":"2026-03-18T11:46:23","guid":{"rendered":"https:\/\/sntsf.pt\/?p=1650"},"modified":"2026-03-18T11:46:24","modified_gmt":"2026-03-18T11:46:24","slug":"os-trabalhadores-nao-podem-ser-penalizados","status":"publish","type":"post","link":"https:\/\/sntsf.pt\/index.php\/2026\/03\/18\/os-trabalhadores-nao-podem-ser-penalizados\/","title":{"rendered":"Os trabalhadores n\u00e3o podem ser penalizados"},"content":{"rendered":"\n<p>O processo de destacamento tempor\u00e1rio dos trabalhadores da Linha do Oeste, na sequ\u00eancia do encerramento do tro\u00e7o entre Mira Sintra-Mele\u00e7as e Caldas da Rainha para reabilita\u00e7\u00e3o e resolu\u00e7\u00e3o dos problemas das intemp\u00e9ries e da renova\u00e7\u00e3o da linha, est\u00e1 a gerar forte preocupa\u00e7\u00e3o junto dos trabalhadores.<\/p>\n\n\n\n<p>Apesar de a empresa ter inicialmente garantido a aplica\u00e7\u00e3o do regime previsto no Acordo Colectivo de Trabalho (ACT) relativamente \u00e0s desloca\u00e7\u00f5es em servi\u00e7o, chegaram ao nosso conhecimento situa\u00e7\u00f5es em que est\u00e3o a ser transmitidas orienta\u00e7\u00f5es diferentes, que alteram as condi\u00e7\u00f5es de pagamento das desloca\u00e7\u00f5es e penalizam alguns dos trabalhadores, sobretudo aqueles que foram colocados mais longe da sua resid\u00eancia.<\/p>\n\n\n\n<p>Mais grave ainda, \u00e9 o facto de j\u00e1 existirem situa\u00e7\u00f5es concretas em que trabalhadores, confrontados com estas condi\u00e7\u00f5es, se veem for\u00e7ados a ponderar ou a avan\u00e7ar com a rescis\u00e3o do contrato de trabalho. Pelo menos dois trabalhadores encontram-se nessa situa\u00e7\u00e3o, sendo de particular preocupa\u00e7\u00e3o o facto de terem filhos menores a cargo, circunst\u00e2ncia que deveria merecer especial salvaguarda por parte da empresa e n\u00e3o uma actua\u00e7\u00e3o que agrava ainda mais a sua condi\u00e7\u00e3o social e familiar.<\/p>\n\n\n\n<p>Importa sublinhar que esta situa\u00e7\u00e3o resulta de decis\u00f5es do governo e da pr\u00f3pria empresa e de circunst\u00e2ncias externas, n\u00e3o tendo os trabalhadores qualquer responsabilidade no encerramento do tro\u00e7o. Nesse sentido, \u00e9 inaceit\u00e1vel que sejam agora confrontados com perdas de direitos ou encargos acrescidos numa situa\u00e7\u00e3o que, por si s\u00f3, j\u00e1 \u00e9 um transtorno.<\/p>\n\n\n\n<p>O Sindicato j\u00e1 interveio junto da empresa, a solicitar esclarecimento sobre o assunto e a reposi\u00e7\u00e3o das condi\u00e7\u00f5es inicialmente comunicadas com o integral cumprimento do ACT, reafirmando que os trabalhadores n\u00e3o podem ser duplamente penalizados por uma situa\u00e7\u00e3o que lhes \u00e9 totalmente alheia.<\/p>\n","protected":false},"excerpt":{"rendered":"<p>O processo de destacamento tempor\u00e1rio dos trabalhadores da Linha do Oeste, na sequ\u00eancia do encerramento do tro\u00e7o entre Mira Sintra-Mele\u00e7as e Caldas da Rainha para reabilita\u00e7\u00e3o e resolu\u00e7\u00e3o dos problemas das intemp\u00e9ries e da renova\u00e7\u00e3o da linha, est\u00e1 a gerar forte preocupa\u00e7\u00e3o junto dos trabalhadores. Apesar de a empresa ter inicialmente garantido a aplica\u00e7\u00e3o do [&hellip;]<\/p>\n","protected":false},"author":2,"featured_media":1652,"comment_status":"closed","ping_status":"closed","sticky":false,"template":"","format":"standard","meta":{"_jetpack_memberships_contains_paid_content":false,"footnotes":""},"categories":[5],"tags":[],"class_list":["post-1650","post","type-post","status-publish","format-standard","has-post-thumbnail","hentry","category-ip"],"jetpack_featured_media_url":"https:\/\/sntsf.pt\/wp-content\/uploads\/2026\/03\/Encerramento-Linha-do-Oeste.png","jetpack_sharing_enabled":true,"_links":{"self":[{"href":"https:\/\/sntsf.pt\/index.php\/wp-json\/wp\/v2\/posts\/1650","targetHints":{"allow":["GET"]}}],"collection":[{"href":"https:\/\/sntsf.pt\/index.php\/wp-json\/wp\/v2\/posts"}],"about":[{"href":"https:\/\/sntsf.pt\/index.php\/wp-json\/wp\/v2\/types\/post"}],"author":[{"embeddable":true,"href":"https:\/\/sntsf.pt\/index.php\/wp-json\/wp\/v2\/users\/2"}],"replies":[{"embeddable":true,"href":"https:\/\/sntsf.pt\/index.php\/wp-json\/wp\/v2\/comments?post=1650"}],"version-history":[{"count":2,"href":"https:\/\/sntsf.pt\/index.php\/wp-json\/wp\/v2\/posts\/1650\/revisions"}],"predecessor-version":[{"id":1653,"href":"https:\/\/sntsf.pt\/index.php\/wp-json\/wp\/v2\/posts\/1650\/revisions\/1653"}],"wp:featuredmedia":[{"embeddable":true,"href":"https:\/\/sntsf.pt\/index.php\/wp-json\/wp\/v2\/media\/1652"}],"wp:attachment":[{"href":"https:\/\/sntsf.pt\/index.php\/wp-json\/wp\/v2\/media?parent=1650"}],"wp:term":[{"taxonomy":"category","embeddable":true,"href":"https:\/\/sntsf.pt\/index.php\/wp-json\/wp\/v2\/categories?post=1650"},{"taxonomy":"post_tag","embeddable":true,"href":"https:\/\/sntsf.pt\/index.php\/wp-json\/wp\/v2\/tags?post=1650"}],"curies":[{"name":"wp","href":"https:\/\/api.w.org\/{rel}","templated":true}]}}