{"id":1682,"date":"2026-04-30T08:12:15","date_gmt":"2026-04-30T08:12:15","guid":{"rendered":"https:\/\/sntsf.pt\/?p=1682"},"modified":"2026-04-30T08:12:17","modified_gmt":"2026-04-30T08:12:17","slug":"faleceu-jose-santa-barbara","status":"publish","type":"post","link":"https:\/\/sntsf.pt\/index.php\/2026\/04\/30\/faleceu-jose-santa-barbara\/","title":{"rendered":"Faleceu Jos\u00e9 Santa-B\u00e1rbara"},"content":{"rendered":"\n<p>\u00c9 com profundo pesar e enorme respeito que a Dire\u00e7\u00e3o do SNTSF \u2013 Sindicato Nacional dos Trabalhadores do Setor Ferrovi\u00e1rio recebeu ontem, \u00e0s primeiras horas do dia a not\u00edcia do falecimento de Jos\u00e9 Santa-B\u00e1rbara, aos 89 anos.<\/p>\n\n\n\n<p>\u200bFigura incontorn\u00e1vel da cultura portuguesa, Jos\u00e9 Santa-B\u00e1rbara foi muito mais do que um designer de excel\u00eancia; foi um militante da liberdade e um homem profundamente ligado ao mundo ferrovi\u00e1rio e \u00e0s suas lutas. Durante mais de tr\u00eas d\u00e9cadas, colocou o seu talento ao servi\u00e7o da CP, onde defendeu a dignidade do servi\u00e7o p\u00fablico e a valoriza\u00e7\u00e3o est\u00e9tica e funcional dos caminhos de ferro.<\/p>\n\n\n\n<p>\u200bPara n\u00f3s, ferrovi\u00e1rios, a sua partida tem um significado muito particular. S\u00f3cio do nosso Sindicato, Jos\u00e9 Santa-B\u00e1rbara para al\u00e9m de ter feito o actual log\u00f3tipo da CP, foi o autor do log\u00f3tipo do SNTSF, o s\u00edmbolo que nos une e nos representa. Em cada tra\u00e7o dessa marca, ficou impressa a sua vis\u00e3o de um sindicalismo forte, moderno e enraizado na identidade dos trabalhadores.<\/p>\n\n\n\n<p>\u200bMilitante hist\u00f3rico do PCP e lutador antifascista, Santa-B\u00e1rbara nunca separou a arte da pol\u00edtica ou a cria\u00e7\u00e3o da consci\u00eancia de classe. Do design das moedas de escudo \u00e0s capas de discos do Zeca Afonso, a sua obra foi sempre um ato de cidadania. No movimento sindical, recordamos o seu papel pioneiro como dirigente associativo e a sua solidariedade constante com todos os que trabalham.<\/p>\n\n\n\n<p>\u200bO SNTSF endere\u00e7a as mais sentidas condol\u00eancias \u00e0 sua fam\u00edlia, amigos e camaradas. Perdemos um dos nossos, mas o seu legado continuar\u00e1 vivo em cada bandeira, em cada documento e em cada luta onde o log\u00f3tipo que ele nos ofereceu se fa\u00e7a erguer.<\/p>\n\n\n\n<p>\u200bAt\u00e9 sempre, camarada Jos\u00e9 Santa-B\u00e1rbara!<\/p>\n\n\n\n<p>A luta continua!<\/p>\n","protected":false},"excerpt":{"rendered":"<p>\u00c9 com profundo pesar e enorme respeito que a Dire\u00e7\u00e3o do SNTSF \u2013 Sindicato Nacional dos Trabalhadores do Setor Ferrovi\u00e1rio recebeu ontem, \u00e0s primeiras horas do dia a not\u00edcia do falecimento de Jos\u00e9 Santa-B\u00e1rbara, aos 89 anos. \u200bFigura incontorn\u00e1vel da cultura portuguesa, Jos\u00e9 Santa-B\u00e1rbara foi muito mais do que um designer de excel\u00eancia; foi um [&hellip;]<\/p>\n","protected":false},"author":2,"featured_media":1683,"comment_status":"closed","ping_status":"closed","sticky":false,"template":"","format":"standard","meta":{"_jetpack_memberships_contains_paid_content":false,"footnotes":""},"categories":[6],"tags":[],"class_list":["post-1682","post","type-post","status-publish","format-standard","has-post-thumbnail","hentry","category-geral"],"jetpack_featured_media_url":"https:\/\/sntsf.pt\/wp-content\/uploads\/2026\/04\/Santa-Barbara.jpg","jetpack_sharing_enabled":true,"_links":{"self":[{"href":"https:\/\/sntsf.pt\/index.php\/wp-json\/wp\/v2\/posts\/1682","targetHints":{"allow":["GET"]}}],"collection":[{"href":"https:\/\/sntsf.pt\/index.php\/wp-json\/wp\/v2\/posts"}],"about":[{"href":"https:\/\/sntsf.pt\/index.php\/wp-json\/wp\/v2\/types\/post"}],"author":[{"embeddable":true,"href":"https:\/\/sntsf.pt\/index.php\/wp-json\/wp\/v2\/users\/2"}],"replies":[{"embeddable":true,"href":"https:\/\/sntsf.pt\/index.php\/wp-json\/wp\/v2\/comments?post=1682"}],"version-history":[{"count":1,"href":"https:\/\/sntsf.pt\/index.php\/wp-json\/wp\/v2\/posts\/1682\/revisions"}],"predecessor-version":[{"id":1684,"href":"https:\/\/sntsf.pt\/index.php\/wp-json\/wp\/v2\/posts\/1682\/revisions\/1684"}],"wp:featuredmedia":[{"embeddable":true,"href":"https:\/\/sntsf.pt\/index.php\/wp-json\/wp\/v2\/media\/1683"}],"wp:attachment":[{"href":"https:\/\/sntsf.pt\/index.php\/wp-json\/wp\/v2\/media?parent=1682"}],"wp:term":[{"taxonomy":"category","embeddable":true,"href":"https:\/\/sntsf.pt\/index.php\/wp-json\/wp\/v2\/categories?post=1682"},{"taxonomy":"post_tag","embeddable":true,"href":"https:\/\/sntsf.pt\/index.php\/wp-json\/wp\/v2\/tags?post=1682"}],"curies":[{"name":"wp","href":"https:\/\/api.w.org\/{rel}","templated":true}]}}