{"id":646,"date":"2021-01-29T15:17:19","date_gmt":"2021-01-29T15:17:19","guid":{"rendered":"https:\/\/sntsf.pt\/?p=646"},"modified":"2021-01-29T15:18:53","modified_gmt":"2021-01-29T15:18:53","slug":"no-dia-27-o-sntsf-reuniu-com-o-departamento-da-me-manutencao-e-engenharia-da-cp","status":"publish","type":"post","link":"https:\/\/sntsf.pt\/index.php\/2021\/01\/29\/no-dia-27-o-sntsf-reuniu-com-o-departamento-da-me-manutencao-e-engenharia-da-cp\/","title":{"rendered":"No dia 27, o SNTSF reuniu com o departamento da ME (Manuten\u00e7\u00e3o e Engenharia) da CP."},"content":{"rendered":"\n<p>Ap\u00f3s alguns meses de termos transmitido \u00e0 empresa a aceita\u00e7\u00e3o e a concord\u00e2ncia dos trabalhadores foi, finalmente, agendado e assinado hoje pelo SNTSF a altera\u00e7\u00e3o \u00e0 <a href=\"https:\/\/sntsf.pt\/wp-content\/uploads\/2021\/01\/20210126.-Alteracao-ACORDO-AE-EMEF.-descanso-compensatorio..pdf\">cl\u00e1usula 30\u00aa do AE EMEF<\/a>.<br>Na reuni\u00e3o do dia 27, foram ainda discutidos outros pontos que, incompreensivelmente, alguns deles, ap\u00f3s um ano ainda est\u00e3o em an\u00e1lise, ou n\u00e3o existe resposta e outros que n\u00e3o existindo consenso levar\u00e3o o SNTSF a recorrer pela via jur\u00eddica.<br>N\u00e3o compreendemos porque est\u00e1 a ser t\u00e3o dif\u00edcil aos que actualmente ocupam cargos de elevada import\u00e2ncia na CP, lidarem com problemas que afectam, directa ou indirectamente os trabalhadores. Ao aceitarem o que dizemos limitando-se a tentar justificar com termos politicamente correctos, sem serem resolvidos os problemas a que os trabalhadores est\u00e3o sujeitos, ou seja, est\u00e3o dispon\u00edveis para ouvir, mas n\u00e3o resolvem nada em concreto.<br>Repudiamos que a CP opte pelo caminho mais dif\u00edcil. Demonstr\u00e1mos sempre a nossa disponibilidade para resolver com a empresa de forma c\u00e9lere e s\u00e9ria os problemas nos locais de trabalho e dos trabalhadores, mas ap\u00f3s of\u00edcios e reuni\u00f5es, sempre a repetir os mesmos problemas e a empresa agir em situa\u00e7\u00f5es recorrentes como se fosse um problema novo s\u00f3 nos leva a seguir a via jur\u00eddica, a denuncia e a desenvolver as ac\u00e7\u00f5es de luta que salvaguarde os trabalhadores nas condi\u00e7\u00f5es de trabalho e nos seus direitos.<\/p>\n","protected":false},"excerpt":{"rendered":"<p>Ap\u00f3s alguns meses de termos transmitido \u00e0 empresa a aceita\u00e7\u00e3o e a concord\u00e2ncia dos trabalhadores foi, finalmente, agendado e assinado hoje pelo SNTSF a altera\u00e7\u00e3o \u00e0 cl\u00e1usula 30\u00aa do AE EMEF.Na reuni\u00e3o do dia 27, foram ainda discutidos outros pontos que, incompreensivelmente, alguns deles, ap\u00f3s um ano ainda est\u00e3o em an\u00e1lise, ou n\u00e3o existe resposta [&hellip;]<\/p>\n","protected":false},"author":2,"featured_media":647,"comment_status":"closed","ping_status":"closed","sticky":false,"template":"","format":"standard","meta":{"_jetpack_memberships_contains_paid_content":false,"footnotes":""},"categories":[7],"tags":[],"class_list":["post-646","post","type-post","status-publish","format-standard","has-post-thumbnail","hentry","category-cp"],"jetpack_featured_media_url":"https:\/\/sntsf.pt\/wp-content\/uploads\/2021\/01\/Sede-CP.png","jetpack_sharing_enabled":true,"_links":{"self":[{"href":"https:\/\/sntsf.pt\/index.php\/wp-json\/wp\/v2\/posts\/646","targetHints":{"allow":["GET"]}}],"collection":[{"href":"https:\/\/sntsf.pt\/index.php\/wp-json\/wp\/v2\/posts"}],"about":[{"href":"https:\/\/sntsf.pt\/index.php\/wp-json\/wp\/v2\/types\/post"}],"author":[{"embeddable":true,"href":"https:\/\/sntsf.pt\/index.php\/wp-json\/wp\/v2\/users\/2"}],"replies":[{"embeddable":true,"href":"https:\/\/sntsf.pt\/index.php\/wp-json\/wp\/v2\/comments?post=646"}],"version-history":[{"count":2,"href":"https:\/\/sntsf.pt\/index.php\/wp-json\/wp\/v2\/posts\/646\/revisions"}],"predecessor-version":[{"id":650,"href":"https:\/\/sntsf.pt\/index.php\/wp-json\/wp\/v2\/posts\/646\/revisions\/650"}],"wp:featuredmedia":[{"embeddable":true,"href":"https:\/\/sntsf.pt\/index.php\/wp-json\/wp\/v2\/media\/647"}],"wp:attachment":[{"href":"https:\/\/sntsf.pt\/index.php\/wp-json\/wp\/v2\/media?parent=646"}],"wp:term":[{"taxonomy":"category","embeddable":true,"href":"https:\/\/sntsf.pt\/index.php\/wp-json\/wp\/v2\/categories?post=646"},{"taxonomy":"post_tag","embeddable":true,"href":"https:\/\/sntsf.pt\/index.php\/wp-json\/wp\/v2\/tags?post=646"}],"curies":[{"name":"wp","href":"https:\/\/api.w.org\/{rel}","templated":true}]}}